{"id":310,"date":"2021-08-18T14:33:04","date_gmt":"2021-08-18T12:33:04","guid":{"rendered":"http:\/\/lavoixdupaysan-fngn-bf.org\/?p=310"},"modified":"2021-08-18T14:37:37","modified_gmt":"2021-08-18T12:37:37","slug":"protection-de-lenvironnement-zoom-sur-le-centre-de-depot-et-de-transformation-des-dechets-plastiques-a-ouahigouya","status":"publish","type":"post","link":"https:\/\/lavoixdupaysan-fngn-bf.org\/index.php\/2021\/08\/18\/protection-de-lenvironnement-zoom-sur-le-centre-de-depot-et-de-transformation-des-dechets-plastiques-a-ouahigouya\/","title":{"rendered":"Zoom sur le centre de d\u00e9p\u00f4t et de transformation des d\u00e9chets plastiques \u00e0 Ouahigouya"},"content":{"rendered":"\n<p><strong>Situ\u00e9 au secteur 2 de Ouahigouya derri\u00e8re le si\u00e8ge de l&rsquo;association ECLA, le centre de d\u00e9p\u00f4t et de transformation des d\u00e9chets plastiques nous a ouvert ses portes, ce jour 17 Ao\u00fbt 2021.<\/strong><\/p>\n\n\n\n<p>Ce centre collectionne diff\u00e9rents d\u00e9chets plastiques (d\u00e9bris de seau, bidons, torches, etc), qu&rsquo;il trie et fait passer au broyage ensuite au lavage puis au s\u00e9chage pour \u00eatre confin\u00e9 dans les sacs afin d&rsquo;\u00eatre achemin\u00e9 dans les villes comme Ouagadougou et m\u00eame \u00e0 Accra au Ghana, pour la fabrication de nouveaux objets utilisables. <\/p>\n\n\n\n<figure class=\"wp-block-image size-large\"><img loading=\"lazy\" width=\"720\" height=\"955\" src=\"http:\/\/lavoixdupaysan-fngn-bf.org\/wp-content\/uploads\/2021\/08\/broyage-dechets.jpg\" alt=\"\" class=\"wp-image-312\" srcset=\"https:\/\/lavoixdupaysan-fngn-bf.org\/wp-content\/uploads\/2021\/08\/broyage-dechets.jpg 720w, https:\/\/lavoixdupaysan-fngn-bf.org\/wp-content\/uploads\/2021\/08\/broyage-dechets-226x300.jpg 226w\" sizes=\"(max-width: 720px) 100vw, 720px\" \/><figcaption>machine de broyage des d\u00e9chets \u00a9 La Voix du Paysan<\/figcaption><\/figure>\n\n\n\n<p>Le centre emploie environ 60 employ\u00e9s qu&rsquo;il dote d&rsquo;\u00e9quipements de protection dans l&rsquo;accomplissement de ce travail.<\/p>\n\n\n\n<p><strong>Tamboura Abdoul Razak \/ Stagiaire \u00e0 La Voix du Paysan<\/strong><\/p>\n","protected":false},"excerpt":{"rendered":"<p>Situ\u00e9 au secteur 2 de Ouahigouya derri\u00e8re le si\u00e8ge de l&rsquo;association ECLA, le centre de d\u00e9p\u00f4t et de transformation des d\u00e9chets plastiques nous a ouvert ses portes, ce jour 17 Ao\u00fbt 2021. Ce centre collectionne diff\u00e9rents d\u00e9chets plastiques (d\u00e9bris de seau, bidons, torches, etc), qu&rsquo;il [&hellip;]<\/p>\n","protected":false},"author":2,"featured_media":311,"comment_status":"open","ping_status":"open","sticky":false,"template":"","format":"standard","meta":[],"categories":[4,36],"tags":[39,8],"_links":{"self":[{"href":"https:\/\/lavoixdupaysan-fngn-bf.org\/index.php\/wp-json\/wp\/v2\/posts\/310"}],"collection":[{"href":"https:\/\/lavoixdupaysan-fngn-bf.org\/index.php\/wp-json\/wp\/v2\/posts"}],"about":[{"href":"https:\/\/lavoixdupaysan-fngn-bf.org\/index.php\/wp-json\/wp\/v2\/types\/post"}],"author":[{"embeddable":true,"href":"https:\/\/lavoixdupaysan-fngn-bf.org\/index.php\/wp-json\/wp\/v2\/users\/2"}],"replies":[{"embeddable":true,"href":"https:\/\/lavoixdupaysan-fngn-bf.org\/index.php\/wp-json\/wp\/v2\/comments?post=310"}],"version-history":[{"count":3,"href":"https:\/\/lavoixdupaysan-fngn-bf.org\/index.php\/wp-json\/wp\/v2\/posts\/310\/revisions"}],"predecessor-version":[{"id":315,"href":"https:\/\/lavoixdupaysan-fngn-bf.org\/index.php\/wp-json\/wp\/v2\/posts\/310\/revisions\/315"}],"wp:featuredmedia":[{"embeddable":true,"href":"https:\/\/lavoixdupaysan-fngn-bf.org\/index.php\/wp-json\/wp\/v2\/media\/311"}],"wp:attachment":[{"href":"https:\/\/lavoixdupaysan-fngn-bf.org\/index.php\/wp-json\/wp\/v2\/media?parent=310"}],"wp:term":[{"taxonomy":"category","embeddable":true,"href":"https:\/\/lavoixdupaysan-fngn-bf.org\/index.php\/wp-json\/wp\/v2\/categories?post=310"},{"taxonomy":"post_tag","embeddable":true,"href":"https:\/\/lavoixdupaysan-fngn-bf.org\/index.php\/wp-json\/wp\/v2\/tags?post=310"}],"curies":[{"name":"wp","href":"https:\/\/api.w.org\/{rel}","templated":true}]}}