{"id":399,"date":"2021-12-08T18:17:48","date_gmt":"2021-12-08T17:17:48","guid":{"rendered":"http:\/\/lavoixdupaysan-fngn-bf.org\/?p=399"},"modified":"2021-12-08T18:17:48","modified_gmt":"2021-12-08T17:17:48","slug":"baore-tradition-depargne-et-de-credits-btec-une-nouvelle-agence-souvre-a-bobo-dioulasso","status":"publish","type":"post","link":"https:\/\/lavoixdupaysan-fngn-bf.org\/index.php\/2021\/12\/08\/baore-tradition-depargne-et-de-credits-btec-une-nouvelle-agence-souvre-a-bobo-dioulasso\/","title":{"rendered":"Baor\u00e9 Tradition d\u2019Epargne et de Cr\u00e9dits (BTEC) : une nouvelle agence s\u2019ouvre \u00e0 Bobo Dioulasso."},"content":{"rendered":"\n<p>Le pr\u00e9sident de la F\u00e9d\u00e9ration Nationale des Groupements Naam (FNGN) a proc\u00e9d\u00e9 \u00e0 l\u2019inauguration de l\u2019agence Baor\u00e9 Tradition d\u2019Epargne et de Cr\u00e9dits (BTEC) de Bobo Dioulasso, le vendredi 26 Novembre 2021. <\/p>\n\n\n\n<figure class=\"wp-block-image size-large\"><img loading=\"lazy\" width=\"1024\" height=\"683\" src=\"http:\/\/lavoixdupaysan-fngn-bf.org\/wp-content\/uploads\/2021\/12\/DSC_0934-1024x683.jpg\" alt=\"\" class=\"wp-image-400\" srcset=\"https:\/\/lavoixdupaysan-fngn-bf.org\/wp-content\/uploads\/2021\/12\/DSC_0934-1024x683.jpg 1024w, https:\/\/lavoixdupaysan-fngn-bf.org\/wp-content\/uploads\/2021\/12\/DSC_0934-300x200.jpg 300w, https:\/\/lavoixdupaysan-fngn-bf.org\/wp-content\/uploads\/2021\/12\/DSC_0934-768x512.jpg 768w, https:\/\/lavoixdupaysan-fngn-bf.org\/wp-content\/uploads\/2021\/12\/DSC_0934-1536x1024.jpg 1536w, https:\/\/lavoixdupaysan-fngn-bf.org\/wp-content\/uploads\/2021\/12\/DSC_0934-2048x1365.jpg 2048w, https:\/\/lavoixdupaysan-fngn-bf.org\/wp-content\/uploads\/2021\/12\/DSC_0934-950x633.jpg 950w\" sizes=\"(max-width: 1024px) 100vw, 1024px\" \/><\/figure>\n\n\n\n<p>La c\u00e9r\u00e9monie d\u2019inauguration a \u00e9t\u00e9 parrain\u00e9e par le Directeur G\u00e9n\u00e9ral du FONAFI, en pr\u00e9sence de la repr\u00e9sentante de la mairie de Bobo Dioulasso,le Pr\u00e9sident du Conseil d\u2019Administration de la BTEC -M\u00e8re de Bouss\u00e9 et les membres des unions des groupements Naam de la r\u00e9gion des Hauts- Bassins, des Cascades, de la Boucle du Mouhoun.<\/p>\n\n\n\n<p>Le DG de l\u2019Union des Baor\u00e9 Tradition d\u2019Epargne et de Cr\u00e9dits (UBTEC) Abdou Rasman\u00e9 OUEDRAOGO dans son adresse a rappel\u00e9 les diff\u00e9rents produits financiers propos\u00e9s aux usagers de la BTEC. La BTEC de Bobo Dioulasso qui est l\u2019\u00e9manation de la BTEC-M\u00e8re de Bouss\u00e9 va proposer les produits d\u2019\u00e9pargne, des cr\u00e9dits de consommation, d\u2019investissement, de fonds de roulement etc .<\/p>\n\n\n\n<figure class=\"wp-block-gallery columns-1 is-cropped\"><ul class=\"blocks-gallery-grid\"><li class=\"blocks-gallery-item\"><figure><img loading=\"lazy\" width=\"1024\" height=\"683\" src=\"http:\/\/lavoixdupaysan-fngn-bf.org\/wp-content\/uploads\/2021\/12\/DSC_0925-1024x683.jpg\" alt=\"\" data-id=\"401\" data-full-url=\"http:\/\/lavoixdupaysan-fngn-bf.org\/wp-content\/uploads\/2021\/12\/DSC_0925-scaled.jpg\" data-link=\"http:\/\/lavoixdupaysan-fngn-bf.org\/?attachment_id=401\" class=\"wp-image-401\" srcset=\"https:\/\/lavoixdupaysan-fngn-bf.org\/wp-content\/uploads\/2021\/12\/DSC_0925-1024x683.jpg 1024w, https:\/\/lavoixdupaysan-fngn-bf.org\/wp-content\/uploads\/2021\/12\/DSC_0925-300x200.jpg 300w, https:\/\/lavoixdupaysan-fngn-bf.org\/wp-content\/uploads\/2021\/12\/DSC_0925-768x512.jpg 768w, https:\/\/lavoixdupaysan-fngn-bf.org\/wp-content\/uploads\/2021\/12\/DSC_0925-1536x1024.jpg 1536w, https:\/\/lavoixdupaysan-fngn-bf.org\/wp-content\/uploads\/2021\/12\/DSC_0925-2048x1365.jpg 2048w, https:\/\/lavoixdupaysan-fngn-bf.org\/wp-content\/uploads\/2021\/12\/DSC_0925-950x633.jpg 950w\" sizes=\"(max-width: 1024px) 100vw, 1024px\" \/><\/figure><\/li><\/ul><figcaption class=\"blocks-gallery-caption\">Le DG de la BETEC<\/figcaption><\/figure>\n\n\n\n<p>Pour le pr\u00e9sident de la FNGN, NOM-WENDE Joel OUEDRAOGO l\u2019UBTEC depuis sa cr\u00e9ation en 1990 a fait de la promotion de l\u2019\u00e9conomie et de l\u2019\u00e9pargne locale son cheval de bataille. Elle accompagne le monde rural notamment les femmes et les producteurs agricoles. Il a exhort\u00e9 les membres de la FNGN \u00e0 s\u2019approprier de cette microfinance pour prosp\u00e9rer leurs activit\u00e9s. <\/p>\n\n\n\n<figure class=\"wp-block-image size-large\"><img\/><\/figure>\n\n\n\n<p>Le parrain de la c\u00e9r\u00e9monie, Monsieur Wango Fid\u00e8le Yameogo, Directeur G\u00e9n\u00e9ral du Fonds National pour l\u2019Inclusion Financi\u00e8re (FONAFI) a salu\u00e9 l\u2019ouverture de la BTEC \u00e0 Bobo Dioulasso qui va sans doute rapprocher les services financiers de l\u2019UBTEC-Naam.<\/p>\n\n\n\n<p>Moussa Le grand Ou\u00e9draogo <\/p>\n\n\n\n<p><\/p>\n","protected":false},"excerpt":{"rendered":"<p>Le pr\u00e9sident de la F\u00e9d\u00e9ration Nationale des Groupements Naam (FNGN) a proc\u00e9d\u00e9 \u00e0 l\u2019inauguration de l\u2019agence Baor\u00e9 Tradition d\u2019Epargne et de Cr\u00e9dits (BTEC) de Bobo Dioulasso, le vendredi 26 Novembre 2021. La c\u00e9r\u00e9monie d\u2019inauguration a \u00e9t\u00e9 parrain\u00e9e par le Directeur G\u00e9n\u00e9ral du FONAFI, en pr\u00e9sence [&hellip;]<\/p>\n","protected":false},"author":6,"featured_media":0,"comment_status":"open","ping_status":"open","sticky":false,"template":"","format":"standard","meta":[],"categories":[1],"tags":[],"_links":{"self":[{"href":"https:\/\/lavoixdupaysan-fngn-bf.org\/index.php\/wp-json\/wp\/v2\/posts\/399"}],"collection":[{"href":"https:\/\/lavoixdupaysan-fngn-bf.org\/index.php\/wp-json\/wp\/v2\/posts"}],"about":[{"href":"https:\/\/lavoixdupaysan-fngn-bf.org\/index.php\/wp-json\/wp\/v2\/types\/post"}],"author":[{"embeddable":true,"href":"https:\/\/lavoixdupaysan-fngn-bf.org\/index.php\/wp-json\/wp\/v2\/users\/6"}],"replies":[{"embeddable":true,"href":"https:\/\/lavoixdupaysan-fngn-bf.org\/index.php\/wp-json\/wp\/v2\/comments?post=399"}],"version-history":[{"count":1,"href":"https:\/\/lavoixdupaysan-fngn-bf.org\/index.php\/wp-json\/wp\/v2\/posts\/399\/revisions"}],"predecessor-version":[{"id":402,"href":"https:\/\/lavoixdupaysan-fngn-bf.org\/index.php\/wp-json\/wp\/v2\/posts\/399\/revisions\/402"}],"wp:attachment":[{"href":"https:\/\/lavoixdupaysan-fngn-bf.org\/index.php\/wp-json\/wp\/v2\/media?parent=399"}],"wp:term":[{"taxonomy":"category","embeddable":true,"href":"https:\/\/lavoixdupaysan-fngn-bf.org\/index.php\/wp-json\/wp\/v2\/categories?post=399"},{"taxonomy":"post_tag","embeddable":true,"href":"https:\/\/lavoixdupaysan-fngn-bf.org\/index.php\/wp-json\/wp\/v2\/tags?post=399"}],"curies":[{"name":"wp","href":"https:\/\/api.w.org\/{rel}","templated":true}]}}